{"id":27360,"date":"2026-09-02T10:22:10","date_gmt":"2026-09-02T10:22:10","guid":{"rendered":"https:\/\/alteg.io\/?p=27360"},"modified":"2026-09-02T10:33:42","modified_gmt":"2026-09-02T10:33:42","slug":"jak-otworzyc-salon","status":"publish","type":"post","link":"https:\/\/alteg.io\/pl\/blog\/jak-otworzyc-salon\/","title":{"rendered":"Otwarcie salon\u00f3w fryzjerskich i kosmetycznych: checklist krok po kroku"},"content":{"rendered":"\n<p class=\"wp-block-paragraph\">Otwarcie salon\u00f3w fryzjerskich wygl\u0105da w poradnikach jak lista marze\u0144: lokal, wystr\u00f3j, klientki. W praktyce to sekwencja decyzji, z kt\u00f3rych ka\u017cda ma cen\u0119 i termin. Poni\u017cej checklist na 2026: od PKD i ulgi na start przez kas\u0119 fiskaln\u0105 po wyb\u00f3r systemu rezerwacji, z kosztami w z\u0142otych dla trzech wielko\u015bci salonu<\/p>\n\n\n\n<h2 class=\"wp-block-heading\">W skr\u00f3cie<\/h2>\n\n\n\n<ul class=\"wp-block-list\">\n\n<li><strong>Najpierw zdecyduj, jaki salon otwierasz:<\/strong> gabinet jednoosobowy, salon \u015bredni na 3\u20135 stanowisk albo sie\u0107; checklist jest ten sam, ale koszty i system pracy r\u00f3\u017cni\u0105 si\u0119 kilkukrotnie<\/li>\n\n\n<li><strong>Formalno\u015bci s\u0105 ta\u0144sze, ni\u017c si\u0119 wydaje:<\/strong> rejestracja w CEIDG jest bezp\u0142atna, PKD 96.02.Z obejmuje fryzjerstwo i zabiegi kosmetyczne, a ulga na start zdejmuje sk\u0142adki spo\u0142eczne na pierwsze 6 miesi\u0119cy<\/li>\n\n\n<li><strong>Kasa fiskalna od pierwszej us\u0142ugi:<\/strong> fryzjerzy i kosmetyczki nie maj\u0105 zwolnienia z kasy niezale\u017cnie od obrotu, za to odzyskasz do 700 z\u0142 ulgi na jej zakup<\/li>\n\n\n<li><strong>System rezerwacji wybierz przed otwarciem, nie po:<\/strong> rezerwacje maj\u0105 wpada\u0107 do twojego systemu od pierwszego dnia, a system, kt\u00f3ry obs\u0142u\u017cy te\u017c drugi lokal, oszcz\u0119dza bolesn\u0105 przeprowadzk\u0119 danych w przysz\u0142o\u015bci<\/li>\n\n<\/ul>\n\n\n\n<h2 class=\"wp-block-heading\">Jaki salon otwierasz: wielko\u015b\u0107 przes\u0105dza o wszystkim<\/h2>\n\n\n\n<p class=\"wp-block-paragraph\">Zanim p\u00f3jdziesz do urz\u0119du, odpowiedz sobie na jedno pytanie: jaki to b\u0119dzie salon. Od tego zale\u017c\u0105 koszty, lokal i system pracy.<\/p>\n\n\n\n<p class=\"wp-block-paragraph\"><strong>Gabinet jednoosobowy.<\/strong> Jedno stanowisko i jedna specjalizacja: manicure, brwi, kosmetologia. Tak najcz\u0119\u015bciej wygl\u0105da odpowied\u017a na pytanie, jak otworzy\u0107 salon manicure czy jak otworzy\u0107 salon paznokci: ma\u0142y lokal albo wynaj\u0119te stanowisko, minimalny sprz\u0119t, wszystkie role grasz sama.<\/p>\n\n\n\n<p class=\"wp-block-paragraph\"><strong>Salon \u015bredni: 3\u20135 stanowisk.<\/strong> Fryzjerstwo plus kosmetyka albo paznokcie, zesp\u00f3\u0142 4\u20136 os\u00f3b i kto\u015b na recepcji, przynajmniej na p\u00f3\u0142 etatu. To najcz\u0119stszy format w Polsce i to dla niego piszemy ten checklist: wystarczaj\u0105co du\u017cy, \u017ceby procesy przesta\u0142y mie\u015bci\u0107 si\u0119 w zeszycie, i wystarczaj\u0105co ma\u0142y, \u017ceby ka\u017cdy b\u0142\u0105d by\u0142o wida\u0107 w kasie.<\/p>\n\n\n\n<p class=\"wp-block-paragraph\"><strong>Salon du\u017cy albo sie\u0107.<\/strong> Od 8 stanowisk wzwy\u017c, mened\u017cer, oddzielne strefy us\u0142ug. Kroki s\u0105 te same, dochodzi warstwa zarz\u0105dzania: standaryzacja us\u0142ug, raportowanie per lokal, marka wsp\u00f3lna dla wszystkich punkt\u00f3w.<\/p>\n\n\n\n<p class=\"wp-block-paragraph\">Dalej liczymy dla salonu \u015bredniego, a przy kosztach poka\u017cemy wszystkie trzy warianty.<\/p>\n\n\n\n<h2 class=\"wp-block-heading\">Krok 1. Forma dzia\u0142alno\u015bci i rejestracja w CEIDG<\/h2>\n\n\n\n<p class=\"wp-block-paragraph\">Jak otworzy\u0107 firm\u0119 kosmetyczn\u0105 od strony papier\u00f3w: dla jednego w\u0142a\u015bciciela naturaln\u0105 form\u0105 jest jednoosobowa dzia\u0142alno\u015b\u0107 gospodarcza. Rejestrujesz j\u0105 bezp\u0142atnie w <a href=\"https:\/\/www.biznes.gov.pl\/\">CEIDG przez biznes.gov.pl<\/a>, a wniosek trafia automatycznie do urz\u0119du skarbowego, ZUS i GUS.<\/p>\n\n\n\n<p class=\"wp-block-paragraph\">Kod PKD dla fryzjerstwa i zabieg\u00f3w kosmetycznych to <strong>96.02.Z<\/strong>: jeden kod obejmuje i strzy\u017cenie, i manicure, i kosmetologi\u0119. Uwaga na drobiazg z 2025 roku: obowi\u0105zuje nowa klasyfikacja PKD 2025, wi\u0119c rejestruj\u0105c dzia\u0142alno\u015b\u0107 teraz, wybierasz kody z nowej listy; firmy zarejestrowane wcze\u015bniej mog\u0105 u\u017cywa\u0107 starych kod\u00f3w do ko\u0144ca okresu przej\u015bciowego.<\/p>\n\n\n\n<p class=\"wp-block-paragraph\">Sp\u00f3\u0142k\u0119 z o.o. rozwa\u017c dopiero, gdy planujesz wsp\u00f3lnika albo sie\u0107: dla pojedynczego salonu na start JDG jest ta\u0144sza w obs\u0142udze i wystarczaj\u0105ca.<\/p>\n\n\n\n<h2 class=\"wp-block-heading\">Krok 2. ZUS: ulga na start i sk\u0142adki preferencyjne<\/h2>\n\n\n\n<p class=\"wp-block-paragraph\">Najwi\u0119ksza ulga pierwszego roku jest wpisana w <a href=\"https:\/\/isap.sejm.gov.pl\/isap.nsf\/DocDetails.xsp?id=WDU20180000646\">Prawo przedsi\u0119biorc\u00f3w<\/a> i dzia\u0142a schodkami.<\/p>\n\n\n\n<p class=\"wp-block-paragraph\"><strong>Miesi\u0105ce 1\u20136: ulga na start.<\/strong> Nie p\u0142acisz sk\u0142adek spo\u0142ecznych w og\u00f3le, zostaje tylko sk\u0142adka zdrowotna: w 2026 minimalnie 432,54 z\u0142 miesi\u0119cznie przy skali podatkowej.<\/p>\n\n\n\n<p class=\"wp-block-paragraph\"><strong>Miesi\u0105ce 7\u201330: ZUS preferencyjny.<\/strong> Sk\u0142adki spo\u0142eczne liczone od 30% minimalnego wynagrodzenia, czyli od podstawy 1 441,80 z\u0142: to 456,18 z\u0142 miesi\u0119cznie plus zdrowotna, zamiast pe\u0142nego ZUS.<\/p>\n\n\n\n<p class=\"wp-block-paragraph\"><strong>Od 31. miesi\u0105ca:<\/strong> pe\u0142ne sk\u0142adki, ewentualnie Ma\u0142y ZUS Plus przy niskich przychodach.<\/p>\n\n\n\n<p class=\"wp-block-paragraph\">Prze\u0142\u00f3\u017cmy to na wizyty: przy \u015bredniej us\u0142udze za 90 z\u0142 pierwszy rok sk\u0142adek to r\u00f3wnowarto\u015b\u0107 5\u20136 wizyt miesi\u0119cznie. Ta rezerwa w praktyce finansuje start marketingu.<\/p>\n\n\n\n<h2 class=\"wp-block-heading\">Krok 3. Lokal: lokalizacja, umowa najmu i media<\/h2>\n\n\n\n<p class=\"wp-block-paragraph\"><strong>Lokalizacja.<\/strong> Dla salonu \u015bredniego liczy si\u0119 ruch pieszy i \u0142atwo\u015b\u0107 dotarcia: parter z witryn\u0105 od ulicy, przystanek albo parking w zasi\u0119gu paru minut, s\u0105siedztwo, kt\u00f3re generuje wizyty w ci\u0105gu dnia, czyli biura, osiedle, szko\u0142a. Zanim zdecydujesz, policz przechodni\u00f3w w godzinach swojej przysz\u0142ej pracy: p\u00f3\u0142 godziny we wtorek przed po\u0142udniem i w sobot\u0119 po obiedzie powie ci wi\u0119cej ni\u017c og\u0142oszenie.<\/p>\n\n\n\n<p class=\"wp-block-paragraph\"><strong>Umowa najmu.<\/strong> Trzy punkty do negocjacji zanim podpiszesz: wakacje czynszowe na czas remontu i okres wypowiedzenia, pisemna zgoda w\u0142a\u015bciciela na przebudow\u0119 i doprowadzenie instalacji, zasady podwy\u017cek czynszu. Sprawd\u017a te\u017c formalne przeznaczenie lokalu: je\u015bli w papierach jest mieszkalny, zmiana sposobu u\u017cytkowania na us\u0142ugowy to procedura z prawa budowlanego i tygodnie czekania, kt\u00f3re trzeba wliczy\u0107 w harmonogram.<\/p>\n\n\n\n<p class=\"wp-block-paragraph\"><strong>Media i uk\u0142ad.<\/strong> Woda przy stanowiskach, sprawna wentylacja, przy\u0142\u0105cze elektryczne, kt\u00f3re ud\u017awignie sprz\u0119t: doprowadzenie instalacji bywa dro\u017csze ni\u017c ca\u0142y wystr\u00f3j, wi\u0119c lokal \u201eprawie gotowy&#8221; cz\u0119sto wygrywa z ta\u0144szym do generalnego remontu. Przy projekcie salonu fryzjerskiego jedna zasada jest darmowa: ka\u017cda powierzchnia, od blatu po obicie fotela i recepcj\u0119 do salonu fryzjerskiego, ma da\u0107 si\u0119 umy\u0107 i zdezynfekowa\u0107.<\/p>\n\n\n\n<p class=\"wp-block-paragraph\">Wymogi higieniczne to osobny temat, kt\u00f3ry ju\u017c rozpisali\u015bmy: przed otwarciem przeczytaj tekst o <a href=\"https:\/\/alteg.io\/pl\/blog\/kontrola-sanepidu-w-salonie\/\">kontroli sanepidu<\/a> i spisz procedury <a href=\"https:\/\/alteg.io\/pl\/blog\/dezynfekcja-w-salonie\/\">dezynfekcji<\/a>, zanim przyjdzie pierwsza klientka.<\/p>\n\n\n\n<h2 class=\"wp-block-heading\">Krok 4. Kasa fiskalna i VAT<\/h2>\n\n\n\n<p class=\"wp-block-paragraph\">Tu poradniki najcz\u0119\u015bciej wprowadzaj\u0105 w b\u0142\u0105d, wi\u0119c wprost: <strong>us\u0142ugi fryzjerskie i kosmetyczne nie maj\u0105 zwolnienia z kasy fiskalnej<\/strong>. Kas\u0119 online musisz mie\u0107 od pierwszej wykonanej us\u0142ugi, niezale\u017cnie od obrotu. Dobra wiadomo\u015b\u0107: przy zakupie pierwszej kasy odzyskasz 90% jej ceny netto, maksymalnie 700 z\u0142, je\u015bli zaczniesz ewidencjonowa\u0107 w terminie.<\/p>\n\n\n\n<p class=\"wp-block-paragraph\">Z VAT jest odwrotnie \u0142agodnie: do 200 000 z\u0142 przychodu rocznie korzystasz ze zwolnienia podmiotowego, wi\u0119c \u015bwie\u017co otwarty salon zwykle VAT-u nie rozlicza. Pilnuj limitu, licz\u0105c proporcjonalnie od dnia startu.<\/p>\n\n\n\n<h2 class=\"wp-block-heading\">Krok 5. Koszty otwarcia salon\u00f3w fryzjerskich i kosmetycznych: ile naprawd\u0119 potrzeba<\/h2>\n\n\n\n<p class=\"wp-block-paragraph\">Wide\u0142ki rynkowe na wrzesie\u0144 2026, bez kosztu najmu i kaucji: rozstrza\u0142 zale\u017cy g\u0142\u00f3wnie od stanu lokalu. To orientacja do planowania, nie wycena.<\/p>\n\n\n\n<figure class=\"wp-block-table\"><table><thead><tr><th>Pozycja<\/th><th>Gabinet 1 stanowisko<\/th><th>Salon \u015bredni 4 stanowiska<\/th><th>Salon du\u017cy 8+ stanowisk<\/th><\/tr><\/thead><tbody>\n<tr><td>Remont i adaptacja lokalu<\/td><td>5\u201315 tys. z\u0142<\/td><td>30\u201380 tys. z\u0142<\/td><td>100\u2013200 tys. z\u0142<\/td><\/tr>\n<tr><td>Meble i sprz\u0119t stanowisk<\/td><td>8\u201315 tys. z\u0142<\/td><td>30\u201360 tys. z\u0142<\/td><td>80\u2013150 tys. z\u0142<\/td><\/tr>\n<tr><td>Materia\u0142y na start<\/td><td>2\u20134 tys. z\u0142<\/td><td>10\u201320 tys. z\u0142<\/td><td>25\u201340 tys. z\u0142<\/td><\/tr>\n<tr><td>Recepcja, poczekalnia<\/td><td>\u2013<\/td><td>5\u201310 tys. z\u0142<\/td><td>15\u201330 tys. z\u0142<\/td><\/tr>\n<tr><td>Kasa, system, marketing startowy<\/td><td>2\u20134 tys. z\u0142<\/td><td>5\u201310 tys. z\u0142<\/td><td>10\u201320 tys. z\u0142<\/td><\/tr>\n<tr><td><strong>Razem<\/strong><\/td><td><strong>17\u201338 tys. z\u0142<\/strong><\/td><td><strong>80\u2013180 tys. z\u0142<\/strong><\/td><td><strong>230\u2013440 tys. z\u0142<\/strong><\/td><\/tr>\n<\/tbody><\/table><\/figure>\n\n\n\n<p class=\"wp-block-paragraph\">Biznesplan z pe\u0142n\u0105 matematyk\u0105 przychod\u00f3w i progu rentowno\u015bci to osobny temat i osobny tekst, kt\u00f3ry przygotowujemy; na etapie checklisty wystarczy zasada: policz koszty sta\u0142e miesi\u0105ca i sprawd\u017a, ile wizyt je pokrywa, zanim podpiszesz najem.<\/p>\n\n\n\n<h2 class=\"wp-block-heading\">Krok 6. System rezerwacji online i CRM: wybierz zanim otworzysz<\/h2>\n\n\n\n<p class=\"wp-block-paragraph\">Ten krok wi\u0119kszo\u015b\u0107 poradnik\u00f3w pomija, a on decyduje o tym, czyja b\u0119dzie twoja baza klientek. System wybiera si\u0119 przed otwarciem z prostego powodu: rezerwacje maj\u0105 wpada\u0107 do twojego systemu od pierwszego dnia, a przenoszenie historii rezerwacji mi\u0119dzy systemami po roku pracy to tygodnie r\u0119cznej roboty.<\/p>\n\n\n\n<p class=\"wp-block-paragraph\">Cztery kryteria wyboru. <strong>Rezerwacja online 24\/7 na twoich kana\u0142ach:<\/strong> klientka umawia si\u0119 sama przez twoj\u0105 stron\u0119, social media czy Google Maps, a rezerwacja od razu wpada do grafiku, do twojego systemu, nie do zeszytu. <strong>CRM z histori\u0105:<\/strong> kartoteka klientki z histori\u0105 wizyt, notatkami i zgodami, bo to na niej stoi ca\u0142y powracaj\u0105cy ruch. <strong>Automatyka:<\/strong> przypomnienia o wizytach bez udzia\u0142u recepcji, magazyn z odpisem materia\u0142\u00f3w, raporty dnia bez arkuszy. <strong>Skalowalno\u015b\u0107:<\/strong> je\u015bli my\u015blisz o rozwoju, zacznij od systemu, kt\u00f3ry ro\u015bnie razem z tob\u0105. W Altegio drugi lokal to konfiguracja sieci, w kt\u00f3rej us\u0142ugi ustawiasz raz i kopiujesz do kolejnych punkt\u00f3w, a nie druga osobna aplikacja: rozbudowa nie wymaga zmiany platformy w najgorszym mo\u017cliwym momencie, czyli w trakcie wzrostu.<\/p>\n\n\n\n<p class=\"wp-block-paragraph\">I tu wa\u017cne rozr\u00f3\u017cnienie: <strong>system rezerwacji to nie to samo co marketplace<\/strong>. Marketplace daje widoczno\u015b\u0107 w swoim katalogu, ale nowa klientka umawia si\u0119 \u201ew aplikacji&#8221;, nie \u201eu ciebie&#8221;: baza i relacja rosn\u0105 po stronie platformy, a od pozyskanej klientki potrafi ona pobra\u0107 prowizj\u0105 do 40% warto\u015bci wizyty. Budujesz wtedy cudz\u0105 mark\u0119 za w\u0142asne pieni\u0105dze. W\u0142asny system rezerwacji odwraca ten uk\u0142ad: kana\u0142y s\u0105 twoje, baza jest twoja, a marka, kt\u00f3r\u0105 klientka zapami\u0119tuje, to twoja nazwa nad drzwiami.<\/p>\n\n\n\n<h2 class=\"wp-block-heading\">Krok 7. Zesp\u00f3\u0142: rekrutacja, szkolenie i grafik pierwszych dni<\/h2>\n\n\n\n<p class=\"wp-block-paragraph\">Zesp\u00f3\u0142 do salonu \u015bredniego to 4\u20136 os\u00f3b i szukanie warto zacz\u0105\u0107 na 6\u20138 tygodni przed otwarciem: dobre mistrzynie maj\u0105 okres wypowiedzenia u obecnego pracodawcy. Rekrutuj przez portfolio i dzie\u0144 pr\u00f3bny na modelce, nie przez samo CV: w tym zawodzie r\u0119ce m\u00f3wi\u0105 wi\u0119cej ni\u017c papier. Umowy i zasady rozlicze\u0144 podpisz przed otwarciem, na pi\u015bmie.<\/p>\n\n\n\n<p class=\"wp-block-paragraph\">Zaplanuj tydzie\u0144 wdro\u017cenia przed startem. Trzy rzeczy, kt\u00f3re ka\u017cda osoba w zespole musi umie\u0107 zanim wejdzie pierwsza klientka: standard us\u0142ugi krok po kroku, procedury higieny i obs\u0142uga systemu rezerwacji, czyli za\u0142o\u017cy\u0107 wizyt\u0119, przesun\u0105\u0107 j\u0105 i zamkn\u0105\u0107 p\u0142atno\u015b\u0107. Godzina \u0107wicze\u0144 w systemie przed otwarciem oszcz\u0119dza tygodnie chaosu po nim.<\/p>\n\n\n\n<p class=\"wp-block-paragraph\">Grafik pierwszych dni ustaw ostro\u017cnie: nie pe\u0142na obsada od rana do wieczora, tylko 2\u20133 osoby na zmianie z buforami mi\u0119dzy wizytami, bo pierwsze us\u0142ugi w nowym miejscu zawsze trwaj\u0105 d\u0142u\u017cej ni\u017c planowo. Pe\u0142ne ob\u0142o\u017cenie w\u0142\u0105czysz, gdy zobaczysz w raportach realny czas us\u0142ug, a nie ten z cennika.<\/p>\n\n\n\n<h2 class=\"wp-block-heading\">Krok 8. Otwarcie: cichy start i akcja pierwszych dni<\/h2>\n\n\n\n<p class=\"wp-block-paragraph\">Otwarcie zr\u00f3b w dw\u00f3ch krokach, bo ka\u017cdy z nich testuje co innego.<\/p>\n\n\n\n<p class=\"wp-block-paragraph\"><strong>Tydzie\u0144 cichego startu.<\/strong> Zapro\u015b znajome i rodzin\u0119, ale obs\u0142u\u017c je jak klientki z ulicy: rezerwacja przez stron\u0119, pe\u0142na procedura, p\u0142atno\u015b\u0107 przez kas\u0119. Cel to nie utarg, tylko test: realny czas ka\u017cdej us\u0142ugi, przep\u0142yw klientki od wej\u015bcia do p\u0142atno\u015bci, czy przypomnienia wychodz\u0105, czy kasa drukuje. Po ka\u017cdym dniu pi\u0119tna\u015bcie minut rozmowy z zespo\u0142em: co zgrzyta\u0142o, co zmieniamy jutro.<\/p>\n\n\n\n<p class=\"wp-block-paragraph\"><strong>Otwarcie w\u0142a\u015bciwe z akcj\u0105, kt\u00f3ra wraca.<\/strong> W pierwsze dni zr\u00f3b promocj\u0119, ale zaprojektuj j\u0105 tak, \u017ceby wraca\u0142a do ciebie dwiema drogami. Zamiast rabatu na pierwsz\u0105 wizyt\u0119, kt\u00f3ry \u015bci\u0105ga \u0142owc\u00f3w okazji, daj ka\u017cdej klientce otwarcia <strong>kupon na drug\u0105 wizyt\u0119<\/strong>, na przyk\u0142ad -20% wa\u017cne 6 tygodni: tak dni otwarcia zape\u0142niaj\u0105 ci grafik drugiego miesi\u0105ca, nie tylko pierwszego weekendu. Do tego <strong>bonus za polecenie<\/strong>: klientka, kt\u00f3ra przyprowadzi kole\u017cank\u0119, i ta kole\u017canka dostaj\u0105 po drobnej us\u0142udze albo rabacie. Policzmy: 30 wizyt w dni otwarcia z kuponem to przy typowej realizacji kilkana\u015bcie powrot\u00f3w w ci\u0105gu 6 tygodni plus nowe osoby z polece\u0144, czyli drugi miesi\u0105c startuje z zape\u0142nionym grafikiem zamiast z pust\u0105 recepcj\u0105. Obie mechaniki wymagaj\u0105 tylko jednego: \u017ceby ka\u017cda wizyta i kupon by\u0142y zapisane w systemie, a nie na karteczkach.<\/p>\n\n\n\n<h2 class=\"wp-block-heading\">FAQ<\/h2>\n\n\n\n<p class=\"wp-block-paragraph\"><strong>Ile kosztuje otwarcie salonu fryzjerskiego?<\/strong><\/p>\n\n\n\n<p class=\"wp-block-paragraph\">Orientacyjnie: gabinet jednoosobowy 17\u201338 tys. z\u0142, salon \u015bredni na 4 stanowiska 80\u2013180 tys. z\u0142, du\u017cy salon od 230 tys. z\u0142 wzwy\u017c, bez najmu i kaucji. Rozstrza\u0142 robi stan lokalu: remont i doprowadzenie medi\u00f3w potrafi\u0105 kosztowa\u0107 wi\u0119cej ni\u017c ca\u0142e wyposa\u017cenie stanowisk.<\/p>\n\n\n\n<p class=\"wp-block-paragraph\"><strong>Jaki kod PKD dla salonu kosmetycznego i fryzjerskiego?<\/strong><\/p>\n\n\n\n<p class=\"wp-block-paragraph\">Podstawowy kod to 96.02.Z: fryzjerstwo i pozosta\u0142e zabiegi kosmetyczne. Obejmuje strzy\u017cenie, koloryzacj\u0119, manicure, pedicure i zabiegi kosmetyczne. Od 2025 obowi\u0105zuje klasyfikacja PKD 2025, wi\u0119c przy nowej rejestracji wybierasz kody z aktualnej listy w CEIDG.<\/p>\n\n\n\n<p class=\"wp-block-paragraph\"><strong>Czy fryzjer musi mie\u0107 kas\u0119 fiskaln\u0105?<\/strong><\/p>\n\n\n\n<p class=\"wp-block-paragraph\">Tak, od pierwszej us\u0142ugi. Us\u0142ugi fryzjerskie i kosmetyczne s\u0105 wy\u0142\u0105czone ze zwolnie\u0144 z ewidencji, niezale\u017cnie od wielko\u015bci obrotu. Kupuj\u0105c pierwsz\u0105 kas\u0119 online w terminie, odzyskasz 90% jej ceny netto, maksymalnie 700 z\u0142 ulgi.<\/p>\n\n\n\n<p class=\"wp-block-paragraph\"><strong>Czy mo\u017cna otworzy\u0107 salon bez uprawnie\u0144 fryzjerskich?<\/strong><\/p>\n\n\n\n<p class=\"wp-block-paragraph\">Tak. Fryzjerstwo i kosmetyka to w Polsce zawody nieregulowane: przepisy nie wymagaj\u0105 dyplomu do za\u0142o\u017cenia dzia\u0142alno\u015bci. Odpowiadasz jednak za bezpiecze\u0144stwo us\u0142ug, wi\u0119c kwalifikacje zespo\u0142u i procedury higieniczne to twoja polisa, nie formalno\u015b\u0107.<\/p>\n\n\n\n<p class=\"wp-block-paragraph\"><em>Ten artyku\u0142 ma charakter informacyjny i nie zast\u0119puje porady prawnej ani podatkowej. Pierwszym \u017ar\u00f3d\u0142em s\u0105 zawsze aktualne akty prawne, a przepisy i stawki si\u0119 zmieniaj\u0105. Zanim zarejestrujesz dzia\u0142alno\u015b\u0107 i podpiszesz umowy, skonsultuj w\u0105tpliwo\u015bci z ksi\u0119gow\u0105 albo prawnikiem.<\/em><\/p>\n\n\n\n<hr class=\"wp-block-separator has-alpha-channel-opacity\"\/>\n\n\n\n<p class=\"wp-block-paragraph\"><strong>Checklist zamyka si\u0119 w jednym zdaniu: formalno\u015bci raz, a system pracy na lata. W Altegio rezerwacje z twojej strony i social medi\u00f3w wpadaj\u0105 same do grafiku od pierwszego dnia, a drugi lokal dodasz bez zmiany platformy<\/strong><\/p>\n\n\n\n<p class=\"wp-block-paragraph\"><a href=\"https:\/\/alteg.io\/pl\/onboarding\/first\/?utm_source=blog_article\">Wypr\u00f3buj 7 dni za darmo<\/a> \u00b7 <a href=\"https:\/\/alteg.io\/pl\/pricing\/\">Zobacz cennik<\/a><\/p>\n\n\n\n<ul class=\"wp-block-list\">\n\n<li>Rezerwacja online 24\/7 z twojej strony, social medi\u00f3w i Google Maps<\/li>\n\n\n<li>Kartoteki klientek, przypomnienia i raporty bez recepcji<\/li>\n\n\n<li>Konfiguracja sieci: us\u0142ugi ustawiasz raz, kopiujesz do kolejnych lokali<\/li>\n\n<\/ul>\n","protected":false},"excerpt":{"rendered":"<p>Otwarcie salonu bez chaosu: jakie formalno\u015bci za\u0142atwiasz na starcie, od CEIDG i PKD po ulg\u0119 na start, ile kosztuje otwarcie trzech wielko\u015bci salonu i dlaczego system rezerwacji wybierasz przed pierwsz\u0105 klientk\u0105<\/p>\n","protected":false},"author":25,"featured_media":27276,"comment_status":"closed","ping_status":"","sticky":false,"template":"","format":"standard","meta":{"_monsterinsights_skip_tracking":false,"footnotes":""},"categories":[426],"tags":[],"class_list":["post-27360","post","type-post","status-publish","format-standard","has-post-thumbnail","hentry","category-biznes"],"aioseo_notices":[],"aioseo_head":"\n\t\t<!-- All in One SEO Pro 5.0.1.1 - aioseo.com -->\n\t<meta name=\"description\" content=\"Otwarcie salonu bez chaosu: jakie formalno\u015bci za\u0142atwiasz na starcie, od CEIDG i PKD po ulg\u0119 na start, ile kosztuje otwarcie trzech wielko\u015bci salonu i dlaczego system rezerwacji wybierasz przed pierwsz\u0105 klientk\u0105\" \/>\n\t<meta name=\"robots\" content=\"max-image-preview:large\" \/>\n\t<meta name=\"author\" content=\"Jana\"\/>\n\t<link rel=\"canonical\" href=\"https:\/\/alteg.io\/pl\/blog\/jak-otworzyc-salon\/\" \/>\n\t<meta name=\"generator\" content=\"All in One SEO Pro (AIOSEO) 5.0.1.1\" \/>\n\t\t<meta property=\"og:locale\" content=\"pl_PL\" \/>\n\t\t<meta property=\"og:site_name\" content=\"The Altegio Times - Online Booking and Business Management Media\" \/>\n\t\t<meta property=\"og:type\" content=\"article\" \/>\n\t\t<meta property=\"og:title\" content=\"Otwarcie salon\u00f3w fryzjerskich i kosmetycznych: checklist krok po kroku - The Altegio Times\" \/>\n\t\t<meta property=\"og:description\" content=\"Otwarcie salonu bez chaosu: jakie formalno\u015bci za\u0142atwiasz na starcie, od CEIDG i PKD po ulg\u0119 na start, ile kosztuje otwarcie trzech wielko\u015bci salonu i dlaczego system rezerwacji wybierasz przed pierwsz\u0105 klientk\u0105\" \/>\n\t\t<meta property=\"og:url\" content=\"https:\/\/alteg.io\/pl\/blog\/jak-otworzyc-salon\/\" \/>\n\t\t<meta property=\"article:published_time\" content=\"2026-09-02T10:22:10+00:00\" \/>\n\t\t<meta property=\"article:modified_time\" content=\"2026-09-02T10:33:42+00:00\" \/>\n\t\t<meta name=\"twitter:card\" content=\"summary_large_image\" \/>\n\t\t<meta name=\"twitter:title\" content=\"Otwarcie salon\u00f3w fryzjerskich i kosmetycznych: checklist krok po kroku - The Altegio Times\" \/>\n\t\t<meta name=\"twitter:description\" content=\"Otwarcie salonu bez chaosu: jakie formalno\u015bci za\u0142atwiasz na starcie, od CEIDG i PKD po ulg\u0119 na start, ile kosztuje otwarcie trzech wielko\u015bci salonu i dlaczego system rezerwacji wybierasz przed pierwsz\u0105 klientk\u0105\" \/>\n\t\t<script type=\"application\/ld+json\" class=\"aioseo-schema\">\n\t\t\t{\"@context\":\"https:\\\/\\\/schema.org\",\"@graph\":[{\"@type\":\"BlogPosting\",\"@id\":\"https:\\\/\\\/alteg.io\\\/pl\\\/blog\\\/jak-otworzyc-salon\\\/#blogposting\",\"name\":\"Otwarcie salon\\u00f3w fryzjerskich i kosmetycznych: checklist krok po kroku - The Altegio Times\",\"headline\":\"Otwarcie salon\\u00f3w fryzjerskich i kosmetycznych: checklist krok po kroku\",\"author\":{\"@id\":\"https:\\\/\\\/alteg.io\\\/pl\\\/blog\\\/author\\\/yana-balteg-io\\\/#author\"},\"publisher\":{\"@id\":\"https:\\\/\\\/alteg.io\\\/pl\\\/#organization\"},\"image\":{\"@type\":\"ImageObject\",\"url\":\"https:\\\/\\\/alteg.io\\\/blog\\\/wp-content\\\/uploads\\\/2026\\\/08\\\/otwarcie-cover-a.avif\",\"width\":1344,\"height\":768,\"caption\":\"W\\u0142a\\u015bcicielka z planami ogl\\u0105da \\u015bwie\\u017co wyremontowany salon z czterema stanowiskami przed otwarciem\"},\"datePublished\":\"2026-09-02T10:22:10+00:00\",\"dateModified\":\"2026-09-02T10:33:42+00:00\",\"inLanguage\":\"pl-PL\",\"mainEntityOfPage\":{\"@id\":\"https:\\\/\\\/alteg.io\\\/pl\\\/blog\\\/jak-otworzyc-salon\\\/#webpage\"},\"isPartOf\":{\"@id\":\"https:\\\/\\\/alteg.io\\\/pl\\\/blog\\\/jak-otworzyc-salon\\\/#webpage\"},\"articleSection\":\"Biznes, Opcjonalne\"},{\"@type\":\"BreadcrumbList\",\"@id\":\"https:\\\/\\\/alteg.io\\\/pl\\\/blog\\\/jak-otworzyc-salon\\\/#breadcrumblist\",\"itemListElement\":[{\"@type\":\"ListItem\",\"@id\":\"https:\\\/\\\/alteg.io\\\/pl\\\/#listItem\",\"position\":1,\"name\":\"Home\",\"item\":\"https:\\\/\\\/alteg.io\\\/pl\\\/\",\"nextItem\":{\"@type\":\"ListItem\",\"@id\":\"https:\\\/\\\/alteg.io\\\/pl\\\/blog\\\/category\\\/biznes\\\/#listItem\",\"name\":\"Biznes\"}},{\"@type\":\"ListItem\",\"@id\":\"https:\\\/\\\/alteg.io\\\/pl\\\/blog\\\/category\\\/biznes\\\/#listItem\",\"position\":2,\"name\":\"Biznes\",\"item\":\"https:\\\/\\\/alteg.io\\\/pl\\\/blog\\\/category\\\/biznes\\\/\",\"nextItem\":{\"@type\":\"ListItem\",\"@id\":\"https:\\\/\\\/alteg.io\\\/pl\\\/blog\\\/jak-otworzyc-salon\\\/#listItem\",\"name\":\"Otwarcie salon\\u00f3w fryzjerskich i kosmetycznych: checklist krok po kroku\"},\"previousItem\":{\"@type\":\"ListItem\",\"@id\":\"https:\\\/\\\/alteg.io\\\/pl\\\/#listItem\",\"name\":\"Home\"}},{\"@type\":\"ListItem\",\"@id\":\"https:\\\/\\\/alteg.io\\\/pl\\\/blog\\\/jak-otworzyc-salon\\\/#listItem\",\"position\":3,\"name\":\"Otwarcie salon\\u00f3w fryzjerskich i kosmetycznych: checklist krok po kroku\",\"previousItem\":{\"@type\":\"ListItem\",\"@id\":\"https:\\\/\\\/alteg.io\\\/pl\\\/blog\\\/category\\\/biznes\\\/#listItem\",\"name\":\"Biznes\"}}]},{\"@type\":\"Organization\",\"@id\":\"https:\\\/\\\/alteg.io\\\/pl\\\/#organization\",\"name\":\"The Altegio Times\",\"description\":\"Online Booking and Business Management Media\",\"url\":\"https:\\\/\\\/alteg.io\\\/pl\\\/\"},{\"@type\":\"Person\",\"@id\":\"https:\\\/\\\/alteg.io\\\/pl\\\/blog\\\/author\\\/yana-balteg-io\\\/#author\",\"url\":\"https:\\\/\\\/alteg.io\\\/pl\\\/blog\\\/author\\\/yana-balteg-io\\\/\",\"name\":\"Jana\",\"image\":{\"@type\":\"ImageObject\",\"@id\":\"https:\\\/\\\/alteg.io\\\/pl\\\/blog\\\/jak-otworzyc-salon\\\/#authorImage\",\"url\":\"https:\\\/\\\/secure.gravatar.com\\\/avatar\\\/d3a38ee41a7f8cfff1a39ed1adff91f4c8bd70360a2de9396ba55e4fcada8c2b?s=96&d=initials&r=g&initials=Ja\",\"width\":96,\"height\":96,\"caption\":\"Jana\"}},{\"@type\":\"WebPage\",\"@id\":\"https:\\\/\\\/alteg.io\\\/pl\\\/blog\\\/jak-otworzyc-salon\\\/#webpage\",\"url\":\"https:\\\/\\\/alteg.io\\\/pl\\\/blog\\\/jak-otworzyc-salon\\\/\",\"name\":\"Otwarcie salon\\u00f3w fryzjerskich i kosmetycznych: checklist krok po kroku - The Altegio Times\",\"description\":\"Otwarcie salonu bez chaosu: jakie formalno\\u015bci za\\u0142atwiasz na starcie, od CEIDG i PKD po ulg\\u0119 na start, ile kosztuje otwarcie trzech wielko\\u015bci salonu i dlaczego system rezerwacji wybierasz przed pierwsz\\u0105 klientk\\u0105\",\"inLanguage\":\"pl-PL\",\"isPartOf\":{\"@id\":\"https:\\\/\\\/alteg.io\\\/pl\\\/#website\"},\"breadcrumb\":{\"@id\":\"https:\\\/\\\/alteg.io\\\/pl\\\/blog\\\/jak-otworzyc-salon\\\/#breadcrumblist\"},\"author\":{\"@id\":\"https:\\\/\\\/alteg.io\\\/pl\\\/blog\\\/author\\\/yana-balteg-io\\\/#author\"},\"creator\":{\"@id\":\"https:\\\/\\\/alteg.io\\\/pl\\\/blog\\\/author\\\/yana-balteg-io\\\/#author\"},\"image\":{\"@type\":\"ImageObject\",\"url\":\"https:\\\/\\\/alteg.io\\\/blog\\\/wp-content\\\/uploads\\\/2026\\\/08\\\/otwarcie-cover-a.avif\",\"@id\":\"https:\\\/\\\/alteg.io\\\/pl\\\/blog\\\/jak-otworzyc-salon\\\/#mainImage\",\"width\":1344,\"height\":768,\"caption\":\"W\\u0142a\\u015bcicielka z planami ogl\\u0105da \\u015bwie\\u017co wyremontowany salon z czterema stanowiskami przed otwarciem\"},\"primaryImageOfPage\":{\"@id\":\"https:\\\/\\\/alteg.io\\\/pl\\\/blog\\\/jak-otworzyc-salon\\\/#mainImage\"},\"datePublished\":\"2026-09-02T10:22:10+00:00\",\"dateModified\":\"2026-09-02T10:33:42+00:00\"},{\"@type\":\"WebSite\",\"@id\":\"https:\\\/\\\/alteg.io\\\/pl\\\/#website\",\"url\":\"https:\\\/\\\/alteg.io\\\/pl\\\/\",\"name\":\"The Altegio Times\",\"description\":\"Online Booking and Business Management Media\",\"inLanguage\":\"pl-PL\",\"publisher\":{\"@id\":\"https:\\\/\\\/alteg.io\\\/pl\\\/#organization\"}}]}\n\t\t<\/script>\n\t\t<!-- All in One SEO Pro -->\r\n\t\t<title>Otwarcie salon\u00f3w fryzjerskich i kosmetycznych: checklist krok po kroku - The Altegio Times<\/title>\n\n","aioseo_head_json":{"title":"Otwarcie salon\u00f3w fryzjerskich i kosmetycznych: checklist krok po kroku - The Altegio Times","description":"Otwarcie salonu bez chaosu: jakie formalno\u015bci za\u0142atwiasz na starcie, od CEIDG i PKD po ulg\u0119 na start, ile kosztuje otwarcie trzech wielko\u015bci salonu i dlaczego system rezerwacji wybierasz przed pierwsz\u0105 klientk\u0105","canonical_url":"https:\/\/alteg.io\/pl\/blog\/jak-otworzyc-salon\/","robots":"max-image-preview:large","keywords":"","webmasterTools":{"miscellaneous":""},"schema":{"@context":"https:\/\/schema.org","@graph":[{"@type":"BlogPosting","@id":"https:\/\/alteg.io\/pl\/blog\/jak-otworzyc-salon\/#blogposting","name":"Otwarcie salon\u00f3w fryzjerskich i kosmetycznych: checklist krok po kroku - The Altegio Times","headline":"Otwarcie salon\u00f3w fryzjerskich i kosmetycznych: checklist krok po kroku","author":{"@id":"https:\/\/alteg.io\/pl\/blog\/author\/yana-balteg-io\/#author"},"publisher":{"@id":"https:\/\/alteg.io\/pl\/#organization"},"image":{"@type":"ImageObject","url":"https:\/\/alteg.io\/blog\/wp-content\/uploads\/2026\/08\/otwarcie-cover-a.avif","width":1344,"height":768,"caption":"W\u0142a\u015bcicielka z planami ogl\u0105da \u015bwie\u017co wyremontowany salon z czterema stanowiskami przed otwarciem"},"datePublished":"2026-09-02T10:22:10+00:00","dateModified":"2026-09-02T10:33:42+00:00","inLanguage":"pl-PL","mainEntityOfPage":{"@id":"https:\/\/alteg.io\/pl\/blog\/jak-otworzyc-salon\/#webpage"},"isPartOf":{"@id":"https:\/\/alteg.io\/pl\/blog\/jak-otworzyc-salon\/#webpage"},"articleSection":"Biznes, Opcjonalne"},{"@type":"BreadcrumbList","@id":"https:\/\/alteg.io\/pl\/blog\/jak-otworzyc-salon\/#breadcrumblist","itemListElement":[{"@type":"ListItem","@id":"https:\/\/alteg.io\/pl\/#listItem","position":1,"name":"Home","item":"https:\/\/alteg.io\/pl\/","nextItem":{"@type":"ListItem","@id":"https:\/\/alteg.io\/pl\/blog\/category\/biznes\/#listItem","name":"Biznes"}},{"@type":"ListItem","@id":"https:\/\/alteg.io\/pl\/blog\/category\/biznes\/#listItem","position":2,"name":"Biznes","item":"https:\/\/alteg.io\/pl\/blog\/category\/biznes\/","nextItem":{"@type":"ListItem","@id":"https:\/\/alteg.io\/pl\/blog\/jak-otworzyc-salon\/#listItem","name":"Otwarcie salon\u00f3w fryzjerskich i kosmetycznych: checklist krok po kroku"},"previousItem":{"@type":"ListItem","@id":"https:\/\/alteg.io\/pl\/#listItem","name":"Home"}},{"@type":"ListItem","@id":"https:\/\/alteg.io\/pl\/blog\/jak-otworzyc-salon\/#listItem","position":3,"name":"Otwarcie salon\u00f3w fryzjerskich i kosmetycznych: checklist krok po kroku","previousItem":{"@type":"ListItem","@id":"https:\/\/alteg.io\/pl\/blog\/category\/biznes\/#listItem","name":"Biznes"}}]},{"@type":"Organization","@id":"https:\/\/alteg.io\/pl\/#organization","name":"The Altegio Times","description":"Online Booking and Business Management Media","url":"https:\/\/alteg.io\/pl\/"},{"@type":"Person","@id":"https:\/\/alteg.io\/pl\/blog\/author\/yana-balteg-io\/#author","url":"https:\/\/alteg.io\/pl\/blog\/author\/yana-balteg-io\/","name":"Jana","image":{"@type":"ImageObject","@id":"https:\/\/alteg.io\/pl\/blog\/jak-otworzyc-salon\/#authorImage","url":"https:\/\/secure.gravatar.com\/avatar\/d3a38ee41a7f8cfff1a39ed1adff91f4c8bd70360a2de9396ba55e4fcada8c2b?s=96&d=initials&r=g&initials=Ja","width":96,"height":96,"caption":"Jana"}},{"@type":"WebPage","@id":"https:\/\/alteg.io\/pl\/blog\/jak-otworzyc-salon\/#webpage","url":"https:\/\/alteg.io\/pl\/blog\/jak-otworzyc-salon\/","name":"Otwarcie salon\u00f3w fryzjerskich i kosmetycznych: checklist krok po kroku - The Altegio Times","description":"Otwarcie salonu bez chaosu: jakie formalno\u015bci za\u0142atwiasz na starcie, od CEIDG i PKD po ulg\u0119 na start, ile kosztuje otwarcie trzech wielko\u015bci salonu i dlaczego system rezerwacji wybierasz przed pierwsz\u0105 klientk\u0105","inLanguage":"pl-PL","isPartOf":{"@id":"https:\/\/alteg.io\/pl\/#website"},"breadcrumb":{"@id":"https:\/\/alteg.io\/pl\/blog\/jak-otworzyc-salon\/#breadcrumblist"},"author":{"@id":"https:\/\/alteg.io\/pl\/blog\/author\/yana-balteg-io\/#author"},"creator":{"@id":"https:\/\/alteg.io\/pl\/blog\/author\/yana-balteg-io\/#author"},"image":{"@type":"ImageObject","url":"https:\/\/alteg.io\/blog\/wp-content\/uploads\/2026\/08\/otwarcie-cover-a.avif","@id":"https:\/\/alteg.io\/pl\/blog\/jak-otworzyc-salon\/#mainImage","width":1344,"height":768,"caption":"W\u0142a\u015bcicielka z planami ogl\u0105da \u015bwie\u017co wyremontowany salon z czterema stanowiskami przed otwarciem"},"primaryImageOfPage":{"@id":"https:\/\/alteg.io\/pl\/blog\/jak-otworzyc-salon\/#mainImage"},"datePublished":"2026-09-02T10:22:10+00:00","dateModified":"2026-09-02T10:33:42+00:00"},{"@type":"WebSite","@id":"https:\/\/alteg.io\/pl\/#website","url":"https:\/\/alteg.io\/pl\/","name":"The Altegio Times","description":"Online Booking and Business Management Media","inLanguage":"pl-PL","publisher":{"@id":"https:\/\/alteg.io\/pl\/#organization"}}]},"og:locale":"pl_PL","og:site_name":"The Altegio Times - Online Booking and Business Management Media","og:type":"article","og:title":"Otwarcie salon\u00f3w fryzjerskich i kosmetycznych: checklist krok po kroku - The Altegio Times","og:description":"Otwarcie salonu bez chaosu: jakie formalno\u015bci za\u0142atwiasz na starcie, od CEIDG i PKD po ulg\u0119 na start, ile kosztuje otwarcie trzech wielko\u015bci salonu i dlaczego system rezerwacji wybierasz przed pierwsz\u0105 klientk\u0105","og:url":"https:\/\/alteg.io\/pl\/blog\/jak-otworzyc-salon\/","article:published_time":"2026-09-02T10:22:10+00:00","article:modified_time":"2026-09-02T10:33:42+00:00","twitter:card":"summary_large_image","twitter:title":"Otwarcie salon\u00f3w fryzjerskich i kosmetycznych: checklist krok po kroku - The Altegio Times","twitter:description":"Otwarcie salonu bez chaosu: jakie formalno\u015bci za\u0142atwiasz na starcie, od CEIDG i PKD po ulg\u0119 na start, ile kosztuje otwarcie trzech wielko\u015bci salonu i dlaczego system rezerwacji wybierasz przed pierwsz\u0105 klientk\u0105"},"aioseo_meta_data":{"post_id":"27360","title":null,"description":null,"keywords":null,"keyphrases":null,"canonical_url":null,"og_title":null,"og_description":null,"og_object_type":"default","og_image_type":"default","og_image_custom_url":null,"og_image_custom_fields":null,"og_custom_image_width":null,"og_custom_image_height":null,"og_video":null,"og_custom_url":null,"og_article_section":null,"og_article_tags":null,"twitter_use_og":true,"twitter_card":"default","twitter_image_type":"default","twitter_image_custom_url":null,"twitter_image_custom_fields":null,"twitter_title":null,"twitter_description":null,"schema_type":"default","schema_type_options":null,"pillar_content":false,"robots_default":true,"robots_noindex":false,"robots_noarchive":false,"robots_nosnippet":false,"robots_nofollow":false,"robots_noimageindex":false,"robots_noodp":false,"robots_notranslate":false,"robots_max_snippet":null,"robots_max_videopreview":null,"robots_max_imagepreview":"large","tabs":null,"priority":null,"frequency":null,"local_seo":null,"created":"2026-08-31 15:13:07","updated":"2026-09-02 10:33:54","seo_analyzer_scan_date":"2026-09-02 10:33:54","primary_term":null,"og_image_url":null,"og_image_width":null,"og_image_height":null,"twitter_image_url":null,"schema":{"blockGraphs":[],"customGraphs":[],"default":{"data":{"Article":[],"Course":[],"Dataset":[],"FAQPage":[],"Movie":[],"Person":[],"Product":[],"ProductReview":[],"Car":[],"Recipe":[],"Service":[],"SoftwareApplication":[],"WebPage":[]},"graphName":"","isEnabled":true},"graphs":[]},"limit_modified_date":false,"ai":null,"breadcrumb_settings":null},"aioseo_breadcrumb":"<div class=\"aioseo-breadcrumbs\"><span class=\"aioseo-breadcrumb\">\n\t<a href=\"https:\/\/alteg.io\/pl\/\" title=\"Home\">Home<\/a>\n<\/span><span class=\"aioseo-breadcrumb-separator\">\u203a<\/span><span class=\"aioseo-breadcrumb\">\n\t<a href=\"https:\/\/alteg.io\/pl\/blog\/category\/biznes\/\" title=\"Biznes\">Biznes<\/a>\n<\/span><span class=\"aioseo-breadcrumb-separator\">\u203a<\/span><span class=\"aioseo-breadcrumb\">\n\tOtwarcie salon\u00f3w fryzjerskich i kosmetycznych: checklist krok po kroku\n<\/span><\/div>","aioseo_breadcrumb_json":[{"label":"Home","link":"https:\/\/alteg.io\/pl\/"},{"label":"Biznes","link":"https:\/\/alteg.io\/pl\/blog\/category\/biznes\/"},{"label":"Otwarcie salon\u00f3w fryzjerskich i kosmetycznych: checklist krok po kroku","link":"https:\/\/alteg.io\/pl\/blog\/jak-otworzyc-salon\/"}],"_links":{"self":[{"href":"https:\/\/alteg.io\/pl\/blog\/wp-json\/wp\/v2\/posts\/27360","targetHints":{"allow":["GET"]}}],"collection":[{"href":"https:\/\/alteg.io\/pl\/blog\/wp-json\/wp\/v2\/posts"}],"about":[{"href":"https:\/\/alteg.io\/pl\/blog\/wp-json\/wp\/v2\/types\/post"}],"author":[{"embeddable":true,"href":"https:\/\/alteg.io\/pl\/blog\/wp-json\/wp\/v2\/users\/25"}],"replies":[{"embeddable":true,"href":"https:\/\/alteg.io\/pl\/blog\/wp-json\/wp\/v2\/comments?post=27360"}],"version-history":[{"count":2,"href":"https:\/\/alteg.io\/pl\/blog\/wp-json\/wp\/v2\/posts\/27360\/revisions"}],"predecessor-version":[{"id":27465,"href":"https:\/\/alteg.io\/pl\/blog\/wp-json\/wp\/v2\/posts\/27360\/revisions\/27465"}],"wp:featuredmedia":[{"embeddable":true,"href":"https:\/\/alteg.io\/pl\/blog\/wp-json\/wp\/v2\/media\/27276"}],"wp:attachment":[{"href":"https:\/\/alteg.io\/pl\/blog\/wp-json\/wp\/v2\/media?parent=27360"}],"wp:term":[{"taxonomy":"category","embeddable":true,"href":"https:\/\/alteg.io\/pl\/blog\/wp-json\/wp\/v2\/categories?post=27360"},{"taxonomy":"post_tag","embeddable":true,"href":"https:\/\/alteg.io\/pl\/blog\/wp-json\/wp\/v2\/tags?post=27360"}],"curies":[{"name":"wp","href":"https:\/\/api.w.org\/{rel}","templated":true}]}}