{"id":26913,"date":"2026-08-31T09:15:39","date_gmt":"2026-08-31T09:15:39","guid":{"rendered":"https:\/\/alteg.io\/blog\/dezynfekcja-w-salonie\/"},"modified":"2026-08-31T09:41:06","modified_gmt":"2026-08-31T09:41:06","slug":"dezynfekcja-w-salonie","status":"publish","type":"post","link":"https:\/\/alteg.io\/pl\/blog\/dezynfekcja-w-salonie\/","title":{"rendered":"Dezynfekcja w salonie: domowy p\u0142yn do dezynfekcji r\u0105k nie wystarczy. Co musisz mie\u0107 w 2026"},"content":{"rendered":"\n<p class=\"wp-block-paragraph\">W internecie kr\u00f3luje pytanie, jak zrobi\u0107 domowy p\u0142yn do dezynfekcji r\u0105k ze spirytusu. W salonie ta droga ko\u0144czy si\u0119 \u017ale: przy us\u0142ugach z naruszeniem ci\u0105g\u0142o\u015bci sk\u00f3ry prawo wymaga procedur, a preparat musi mie\u0107 pozwolenie na obr\u00f3t. Poni\u017cej, co naprawd\u0119 obowi\u0105zuje w 2026, jakie \u015brodki kupowa\u0107 i jakie dokumenty pokaza\u0107 przy kontroli<\/p>\n\n\n\n<h2 class=\"wp-block-heading\">W skr\u00f3cie<\/h2>\n\n\n\n<ul class=\"wp-block-list\">\n\n<li><strong>Domowy p\u0142yn do dezynfekcji nie nadaje si\u0119 do salonu:<\/strong> samodzielna mieszanka ze spirytusu nie ma potwierdzonego spektrum dzia\u0142ania ani pozwolenia na obr\u00f3t, a w pracy na sk\u00f3rze klientki odpowiadasz ty, nie przepis z internetu<\/li>\n\n\n<li><strong>Procedury s\u0105 obowi\u0105zkiem ustawowym, nie dobr\u0105 praktyk\u0105:<\/strong> art. 16 ustawy z 5 grudnia 2008 o zapobieganiu zaka\u017ceniom wymaga wdro\u017conych procedur od ka\u017cdego, kto narusza ci\u0105g\u0142o\u015b\u0107 tkanek<\/li>\n\n\n<li><strong>Od sierpnia 2026 jest nowy punkt odniesienia:<\/strong> GIS opublikowa\u0142 w sierpniu 2026 pierwsze od lat kompleksowe zalecenia higieniczno-sanitarne dla bran\u017cy beauty, z tabelami per us\u0142uga<\/li>\n\n\n<li><strong>Preparat wybiera si\u0119 po trzech rzeczach:<\/strong> wpis do wykazu produkt\u00f3w biob\u00f3jczych, spektrum dzia\u0142ania i czas kontaktu z etykiety, a nie po zapachu i cenie<\/li>\n\n<\/ul>\n\n\n\n<h2 class=\"wp-block-heading\">Czy domowy p\u0142yn do dezynfekcji r\u0105k wystarczy w salonie<\/h2>\n\n\n\n<p class=\"wp-block-paragraph\">Kr\u00f3tko: nie. Pytania \u201ejak zrobi\u0107 p\u0142yn do dezynfekcji ze spirytusu&#8221; i \u201edomowy p\u0142yn do dezynfekcji&#8221; wr\u00f3ci\u0142y do wyszukiwarek z czas\u00f3w pandemii, ale odpowied\u017a dla profesjonalistki jest inna ni\u017c dla gospodarstwa domowego.<\/p>\n\n\n\n<p class=\"wp-block-paragraph\">W domu samodzielna mieszanka to twoje ryzyko i twoja sk\u00f3ra. W salonie pracujesz na sk\u00f3rze klientek, cz\u0119sto z naruszeniem jej ci\u0105g\u0142o\u015bci: manicure, brwi, piercing, drobne zabiegi. \u015arodek do dezynfekcji stosowany zawodowo to produkt biob\u00f3jczy, a produkty biob\u00f3jcze wolno wprowadza\u0107 do obrotu i stosowa\u0107 tylko z pozwoleniem na obr\u00f3t (<a href=\"https:\/\/isap.sejm.gov.pl\/isap.nsf\/DocDetails.xsp?id=WDU20150001926\">ustawa z 9 pa\u017adziernika 2015 o produktach biob\u00f3jczych<\/a>, Dz.U. 2015 poz. 1926, wdra\u017caj\u0105ca unijne <a href=\"https:\/\/eur-lex.europa.eu\/legal-content\/PL\/TXT\/?uri=CELEX%3A32012R0528\">rozporz\u0105dzenie 528\/2012<\/a>). Domowa mieszanka nie ma pozwolenia, nie ma potwierdzonego st\u0119\u017cenia ani spektrum i nie obroni ci\u0119 ani przed zaka\u017ceniem, ani przy kontroli.<\/p>\n\n\n\n<p class=\"wp-block-paragraph\">Spirytus z apteki te\u017c nie jest odpowiedzi\u0105: to surowiec, nie gotowy preparat o zbadanej skuteczno\u015bci i czasie kontaktu. R\u00f3\u017cnic\u0119 wida\u0107 na etykiecie, i to w\u0142a\u015bnie etykieta jest twoim dokumentem.<\/p>\n\n\n\n<h2 class=\"wp-block-heading\">Prawo 2026: co naprawd\u0119 obowi\u0105zuje<\/h2>\n\n\n\n<p class=\"wp-block-paragraph\">Stan prawny jest nietypowy i warto go zna\u0107, bo kr\u0105\u017cy wok\u00f3\u0142 niego du\u017co mit\u00f3w.<\/p>\n\n\n\n<p class=\"wp-block-paragraph\"><strong>Obowi\u0105zuj\u0105 procedury.<\/strong> Art. 16 <a href=\"https:\/\/isap.sejm.gov.pl\/isap.nsf\/DocDetails.xsp?id=WDU20082341570\">ustawy z 5 grudnia 2008 o zapobieganiu oraz zwalczaniu zaka\u017ce\u0144 i chor\u00f3b zaka\u017anych u ludzi<\/a> wymaga od ka\u017cdego, kto wykonuje zabiegi z naruszeniem ci\u0105g\u0142o\u015bci tkanek, wdro\u017cenia i stosowania procedur chroni\u0105cych przed zaka\u017ceniami: post\u0119powanie przy zabiegu, zasady u\u017cywania sprz\u0119tu podlegaj\u0105cego sterylizacji, sposoby dezynfekcji sk\u00f3ry i b\u0142on \u015bluzowych oraz dekontaminacji pomieszcze\u0144 i narz\u0119dzi.<\/p>\n\n\n\n<p class=\"wp-block-paragraph\"><strong>Szczeg\u00f3\u0142owego rozporz\u0105dzenia nie ma.<\/strong> <a href=\"https:\/\/isap.sejm.gov.pl\/isap.nsf\/DocDetails.xsp?id=WDU20040310273\">Rozporz\u0105dzenie z 2004 roku o wymaganiach dla zak\u0142ad\u00f3w fryzjerskich i kosmetycznych<\/a> wygas\u0142o 1 stycznia 2012, a projekt nowego od lat nie wyszed\u0142 poza konsultacje. Wymagania techniczne nie s\u0105 wi\u0119c spisane w jednym akcie, co nie znaczy, \u017ce nie ma ich wcale: obowi\u0105zek procedur z ustawy pozostaje.<\/p>\n\n\n\n<p class=\"wp-block-paragraph\"><strong>Od sierpnia 2026 jest nowy punkt odniesienia.<\/strong> W sierpniu 2026 G\u0142\u00f3wny Inspektorat Sanitarny opublikowa\u0142 \u201e<a href=\"https:\/\/www.gov.pl\/web\/gis\/zalecenia-i-wymagania-higieniczno-sanitarne-glownego-inspektora-sanitarnego-w-zakresie-swiadczenia-uslug-beauty\">Zalecenia i wymagania higieniczno-sanitarne GIS w zakresie \u015bwiadczenia us\u0142ug w bran\u017cy beauty<\/a>&#8220;: pierwsze od lat kompleksowe opracowanie, z sze\u015bcioma za\u0142\u0105cznikami i tabelami dekontaminacji per us\u0142uga, od fryzjerstwa po piercing. To nie jest prawo, tylko zalecenia, ale to wed\u0142ug nich b\u0119dzie patrze\u0107 kontrola i to na nich najbezpieczniej oprze\u0107 w\u0142asne procedury.<\/p>\n\n\n\n<h2 class=\"wp-block-heading\">Preparaty: jak wybra\u0107 \u015brodek do dezynfekcji<\/h2>\n\n\n\n<p class=\"wp-block-paragraph\">Trzy pytania do ka\u017cdej butelki, zanim trafi na stanowisko.<\/p>\n\n\n\n<p class=\"wp-block-paragraph\"><strong>Czy jest w wykazie.<\/strong> Produkt biob\u00f3jczy ma numer pozwolenia na obr\u00f3t i wpis do <a href=\"https:\/\/www.gov.pl\/web\/urpl\/wykaz-produktow-biobojczych3\">Wykazu Produkt\u00f3w Biob\u00f3jczych<\/a> prowadzonego przez Urz\u0105d Rejestracji. Numer znajdziesz na etykiecie, wykaz jest publiczny. Kosmetyk \u201eantybakteryjny&#8221; to nie to samo: nie jest \u015brodkiem do dezynfekcji stanowiska ani narz\u0119dzi.<\/p>\n\n\n\n<p class=\"wp-block-paragraph\"><strong>Jakie ma spektrum.<\/strong> Etykieta deklaruje, na co preparat dzia\u0142a: bakterie, grzyby, wirusy, pr\u0105tki. Do r\u0105k i sk\u00f3ry wystarcza w\u0119\u017csze spektrum, do narz\u0119dzi i powierzchni po zabiegach z krwi\u0105 potrzebujesz pe\u0142niejszego. Dobierasz \u015brodek do us\u0142ugi, nie jeden do wszystkiego.<\/p>\n\n\n\n<p class=\"wp-block-paragraph\"><strong>Jaki ma czas kontaktu.<\/strong> Ka\u017cdy preparat dzia\u0142a dopiero po okre\u015blonym czasie i w okre\u015blonym st\u0119\u017ceniu, i to te\u017c stoi na etykiecie. Przetarcie blatu i natychmiastowe posadzenie klientki nie jest dezynfekcj\u0105, nawet najdro\u017cszym \u015brodkiem.<\/p>\n\n\n\n<p class=\"wp-block-paragraph\">Osobne preparaty do r\u0105k, osobne do powierzchni, osobne do narz\u0119dzi: to minimum, kt\u00f3rego oczekuj\u0105 zalecenia GIS. A \u017ceby \u015brodki nie ko\u0144czy\u0142y si\u0119 w pi\u0105tek wieczorem, traktuj je jak ka\u017cdy materia\u0142: w <a href=\"https:\/\/alteg.io\/pl\/inventory-control\/\">magazynie<\/a> preparaty schodz\u0105 ze stanu jak inne materia\u0142y eksploatacyjne, wi\u0119c widzisz zu\u017cycie i zamawiasz zanim zabraknie.<\/p>\n\n\n\n<h2 class=\"wp-block-heading\">Ile kosztuje higiena w salonie miesi\u0119cznie<\/h2>\n\n\n\n<p class=\"wp-block-paragraph\">Prawid\u0142owa dezynfekcja brzmi jak du\u017cy wydatek, wi\u0119c policzmy na jawnych za\u0142o\u017ceniach: jedno stanowisko, 8 wizyt dziennie, 24 dni robocze. Ceny z polskich sklep\u00f3w profesjonalnych, stan na sierpie\u0144 2026.<\/p>\n\n\n\n<ul class=\"wp-block-list\">\n\n<li><strong>R\u0119ce:<\/strong> p\u0142yn typu Velodes to ok. 40 z\u0142 za litr (<a href=\"https:\/\/ladiosa.pl\/1039-plyny-do-dezynfekcji-rak-i-narzedzi-kosmetycznych\">ladiosa.pl<\/a>). Przy 3 ml na aplikacj\u0119 i dw\u00f3ch aplikacjach na wizyt\u0119 zu\u017cywasz ok. 1,2 l miesi\u0119cznie: ok. 48 z\u0142<\/li>\n\n\n<li><strong>Powierzchnie:<\/strong> kanister 5 l preparatu typu Velox Spray kosztuje 89\u2013107 z\u0142 (<a href=\"https:\/\/dentaleshop.pl\/pl\/p\/Velox-Spray-Neutral-5l-Spray-do-dezynfekcji-i-mycia-powierzchni\/3881\">dentaleshop.pl<\/a>, <a href=\"https:\/\/www.septica.pl\/Velox-Spray-1L-Neutral-d232.htm\">septica.pl<\/a>). Przy ok. 100 ml dziennie na stanowisko to ok. 2,4 l miesi\u0119cznie: 45\u201350 z\u0142<\/li>\n\n\n<li><strong>Narz\u0119dzia:<\/strong> koncentrat Barbicide 480 ml to ok. 55 z\u0142 (<a href=\"https:\/\/i-beauty.pl\/pl\/p\/BARBICIDE-Koncentrat-do-dezynfekcji-narzedzi-i-akcesoriow-480ml\/123\">i-beauty.pl<\/a>). Roztw\u00f3r roboczy w wanience wymieniasz codziennie, wi\u0119c przy rozcie\u0144czeniu 1:16 i wanience 750 ml schodzi ok. 45 ml koncentratu dziennie, czyli ok. 1,1 l miesi\u0119cznie: 120\u2013125 z\u0142<\/li>\n\n<\/ul>\n\n\n\n<p class=\"wp-block-paragraph\">Razem ok. 215\u2013225 z\u0142 miesi\u0119cznie. Przy wizycie za 90 z\u0142 to mniej ni\u017c utarg z trzech wizyt: higiena zgodna z zaleceniami GIS nie jest pozycj\u0105, na kt\u00f3rej warto oszcz\u0119dza\u0107, bo oszcz\u0119dno\u015b\u0107 jest pozorna. Najwi\u0119ksza pozycja to wanienka do narz\u0119dzi. Je\u015bli chcesz j\u0105 obni\u017cy\u0107, por\u00f3wnuj koszt litra roztworu roboczego, nie cen\u0119 butelki: koncentraty dozowane w st\u0119\u017ceniu 0,5\u20132%, jak Viruton Extra za 99 z\u0142\/l (<a href=\"https:\/\/ladiosa.pl\/1039-plyny-do-dezynfekcji-rak-i-narzedzi-kosmetycznych\">ladiosa.pl<\/a>), daj\u0105 litr roztworu za 0,5\u20132 z\u0142 wobec ok. 7 z\u0142 z koncentratu 1:16, tylko sprawd\u017a spektrum i czas kontaktu na etykiecie. Do tego dojd\u0105 wydatki jednorazowe: dozowniki, wanienki z pokryw\u0105 i sitem, pojemniki na odpady.<\/p>\n\n\n\n<p class=\"wp-block-paragraph\">Te liczby to model, nie cennik: podstaw w\u0142asn\u0105 liczb\u0119 wizyt i ceny z faktur, a zu\u017cycie zobaczysz w magazynie po pierwszym miesi\u0105cu odpis\u00f3w.<\/p>\n\n\n\n<h2 class=\"wp-block-heading\">Procedury, kt\u00f3re musisz mie\u0107 na pi\u015bmie<\/h2>\n\n\n\n<p class=\"wp-block-paragraph\">Art. 16 m\u00f3wi, co procedury maj\u0105 regulowa\u0107, a zalecenia GIS podpowiadaj\u0105, jak to rozpisa\u0107. W praktyce salon powinien mie\u0107 na pi\u015bmie co najmniej:<\/p>\n\n\n\n<ul class=\"wp-block-list\">\n\n<li><strong>Higiena r\u0105k:<\/strong> kiedy mycie, kiedy dezynfekcja, jakim \u015brodkiem i jak d\u0142ugo<\/li>\n\n\n<li><strong>Dezynfekcja powierzchni:<\/strong> stanowisko po ka\u017cdej klientce, czym, z jakim czasem kontaktu<\/li>\n\n\n<li><strong>Post\u0119powanie z narz\u0119dziami:<\/strong> co jest jednorazowe, co podlega dezynfekcji, a co pe\u0142nej sterylizacji, i jak\u0105 drog\u0105 narz\u0119dzie wraca na stanowisko<\/li>\n\n\n<li><strong>Post\u0119powanie po ekspozycji:<\/strong> co robisz przy zranieniu lub kontakcie z krwi\u0105, swoim i klientki<\/li>\n\n\n<li><strong>Dekontaminacja pomieszcze\u0144:<\/strong> sprz\u0105tanie i dezynfekcja poza stanowiskiem, z cz\u0119stotliwo\u015bci\u0105<\/li>\n\n<\/ul>\n\n\n\n<p class=\"wp-block-paragraph\">Procedura nie musi by\u0107 elaboratem. Ma by\u0107 na tyle konkretna, \u017ceby nowa osoba w zespole wykona\u0142a j\u0105 bez pyta\u0144: \u015brodek, st\u0119\u017cenie, czas, kolejno\u015b\u0107.<\/p>\n\n\n\n<h2 class=\"wp-block-heading\">Dokumentacja: co pokazujesz przy kontroli<\/h2>\n\n\n\n<p class=\"wp-block-paragraph\">Kontrola sanepidu pyta zwykle o trzy rzeczy: spisane procedury, preparaty z widocznymi etykietami i pozwoleniami oraz potwierdzenia proces\u00f3w, w tym kontrole sterylizacji tam, gdzie jest wymagana. Sama r\u00f3\u017cnica mi\u0119dzy dezynfekcj\u0105 a sterylizacj\u0105 to temat na osobny tekst: dezynfekcja ogranicza liczb\u0119 drobnoustroj\u00f3w, sterylizacja daje ja\u0142owo\u015b\u0107 i dotyczy narz\u0119dzi naruszaj\u0105cych ci\u0105g\u0142o\u015b\u0107 sk\u00f3ry.<\/p>\n\n\n\n<p class=\"wp-block-paragraph\">Warto trzyma\u0107 w jednym segregatorze albo folderze: procedury z dat\u0105 wdro\u017cenia, list\u0119 u\u017cywanych preparat\u00f3w z numerami pozwole\u0144, instrukcje producent\u00f3w i potwierdzenia szkolenia zespo\u0142u. Przy kontroli liczy si\u0119 nie tylko to, \u017ce dezynfekujesz, ale \u017ce umiesz to pokaza\u0107.<\/p>\n\n\n\n<h2 class=\"wp-block-heading\">FAQ<\/h2>\n\n\n\n<p class=\"wp-block-paragraph\"><strong>Czy domowy p\u0142yn do dezynfekcji r\u0105k nadaje si\u0119 do salonu?<\/strong><\/p>\n\n\n\n<p class=\"wp-block-paragraph\">Nie. W u\u017cyciu zawodowym \u015brodek do dezynfekcji to produkt biob\u00f3jczy, kt\u00f3ry musi mie\u0107 pozwolenie na obr\u00f3t i wpis do wykazu Urz\u0119du Rejestracji. Domowa mieszanka ze spirytusu nie ma potwierdzonego st\u0119\u017cenia, spektrum ani czasu dzia\u0142ania, wi\u0119c nie chroni klientek i nie obroni si\u0119 przy kontroli.<\/p>\n\n\n\n<p class=\"wp-block-paragraph\"><strong>Czy spirytus wystarczy do dezynfekcji narz\u0119dzi?<\/strong><\/p>\n\n\n\n<p class=\"wp-block-paragraph\">Nie. Spirytus to surowiec, a nie preparat o zbadanej skuteczno\u015bci. Narz\u0119dzia dezynfekuje si\u0119 \u015brodkami z deklarowanym spektrum i czasem kontaktu, a te naruszaj\u0105ce ci\u0105g\u0142o\u015b\u0107 sk\u00f3ry dodatkowo podlegaj\u0105 sterylizacji. Zalecenia GIS z sierpnia 2026 rozpisuj\u0105 post\u0119powanie z narz\u0119dziami per us\u0142uga, od fryzjerstwa po piercing.<\/p>\n\n\n\n<p class=\"wp-block-paragraph\"><strong>Jakie procedury musi mie\u0107 salon kosmetyczny?<\/strong><\/p>\n\n\n\n<p class=\"wp-block-paragraph\">Art. 16 ustawy z 5 grudnia 2008 wymaga procedur od ka\u017cdego, kto narusza ci\u0105g\u0142o\u015b\u0107 tkanek: post\u0119powanie przy zabiegu, zasady sterylizacji sprz\u0119tu, dezynfekcja sk\u00f3ry oraz dekontaminacja pomieszcze\u0144 i narz\u0119dzi. W praktyce to spisane zasady higieny r\u0105k, powierzchni, narz\u0119dzi i post\u0119powania po ekspozycji, na tyle konkretne, \u017ceby wykona\u0142a je nowa osoba w zespole.<\/p>\n\n\n\n<p class=\"wp-block-paragraph\"><strong>Czy wytyczne GIS z 2026 roku s\u0105 obowi\u0105zkowe?<\/strong><\/p>\n\n\n\n<p class=\"wp-block-paragraph\">Formalnie to zalecenia, nie przepisy: obowi\u0105zkiem ustawowym pozostaj\u0105 procedury z art. 16. W praktyce zalecenia GIS z sierpnia 2026 to pierwszy od lat kompletny punkt odniesienia i najbezpieczniejsza podstawa do napisania w\u0142asnych procedur, bo wed\u0142ug nich b\u0119dzie patrze\u0107 kontrola.<\/p>\n\n\n\n<p class=\"wp-block-paragraph\"><em>Ten artyku\u0142 ma charakter informacyjny i nie zast\u0119puje porady prawnej. Pierwszym \u017ar\u00f3d\u0142em s\u0105 zawsze aktualne akty prawne i wytyczne GIS, a przepisy i ich interpretacje si\u0119 zmieniaj\u0105. Zanim wdro\u017cysz zmiany w salonie, skonsultuj w\u0105tpliwo\u015bci z prawnikiem albo bezpo\u015brednio z lokaln\u0105 stacj\u0105 sanitarno-epidemiologiczn\u0105.<\/em><\/p>\n\n\n\n<hr class=\"wp-block-separator has-alpha-channel-opacity\"\/>\n\n\n\n<p class=\"wp-block-paragraph\"><strong>Procedury i preparaty to po\u0142owa porz\u0105dku. Druga po\u0142owa to ewidencja: w Altegio preparaty schodz\u0105 ze stanu jak materia\u0142y eksploatacyjne, a historia wizyt pokazuje, kto, kiedy i na jakim stanowisku pracowa\u0142<\/strong><\/p>\n\n\n\n<p class=\"wp-block-paragraph\"><a href=\"https:\/\/alteg.io\/pl\/onboarding\/first\/?utm_source=blog_article\">Wypr\u00f3buj 7 dni za darmo<\/a> \u00b7 <a href=\"https:\/\/alteg.io\/pl\/pricing\/\">Zobacz cennik<\/a><\/p>\n\n\n\n<ul class=\"wp-block-list\">\n\n<li>Magazyn ze zu\u017cyciem preparat\u00f3w i alertami stan\u00f3w<\/li>\n\n\n<li>Historia wizyt per stanowisko i pracownik<\/li>\n\n\n<li>Receptury us\u0142ug z automatycznym odpisem materia\u0142\u00f3w<\/li>\n\n<\/ul>\n","protected":false},"excerpt":{"rendered":"<p>Dlaczego domowy p\u0142yn do dezynfekcji nie ochroni ani klientek, ani ciebie przy kontroli: jak wybra\u0107 preparat z pozwoleniem, jakie procedury spisa\u0107 i ile naprawd\u0119 kosztuje higiena salonu miesi\u0119cznie<\/p>\n","protected":false},"author":25,"featured_media":26892,"comment_status":"closed","ping_status":"","sticky":false,"template":"","format":"standard","meta":{"_monsterinsights_skip_tracking":false,"footnotes":""},"categories":[435],"tags":[],"class_list":["post-26913","post","type-post","status-publish","format-standard","has-post-thumbnail","hentry","category-prawo"],"aioseo_notices":[],"aioseo_head":"\n\t\t<!-- All in One SEO Pro 5.0.1.1 - aioseo.com -->\n\t<meta name=\"description\" content=\"Dlaczego domowy p\u0142yn do dezynfekcji nie ochroni ani klientek, ani ciebie przy kontroli: jak wybra\u0107 preparat z pozwoleniem, jakie procedury spisa\u0107 i ile naprawd\u0119 kosztuje higiena salonu miesi\u0119cznie\" \/>\n\t<meta name=\"robots\" content=\"max-image-preview:large\" \/>\n\t<meta name=\"author\" content=\"Jana\"\/>\n\t<link rel=\"canonical\" href=\"https:\/\/alteg.io\/pl\/blog\/dezynfekcja-w-salonie\/\" \/>\n\t<meta name=\"generator\" content=\"All in One SEO Pro (AIOSEO) 5.0.1.1\" \/>\n\t\t<meta property=\"og:locale\" content=\"pl_PL\" \/>\n\t\t<meta property=\"og:site_name\" content=\"The Altegio Times - Online Booking and Business Management Media\" \/>\n\t\t<meta property=\"og:type\" content=\"article\" \/>\n\t\t<meta property=\"og:title\" content=\"Dezynfekcja w salonie: domowy p\u0142yn do dezynfekcji r\u0105k nie wystarczy. Co musisz mie\u0107 w 2026 - The Altegio Times\" \/>\n\t\t<meta property=\"og:description\" content=\"Dlaczego domowy p\u0142yn do dezynfekcji nie ochroni ani klientek, ani ciebie przy kontroli: jak wybra\u0107 preparat z pozwoleniem, jakie procedury spisa\u0107 i ile naprawd\u0119 kosztuje higiena salonu miesi\u0119cznie\" \/>\n\t\t<meta property=\"og:url\" content=\"https:\/\/alteg.io\/pl\/blog\/dezynfekcja-w-salonie\/\" \/>\n\t\t<meta property=\"article:published_time\" content=\"2026-08-31T09:15:39+00:00\" \/>\n\t\t<meta property=\"article:modified_time\" content=\"2026-08-31T09:41:06+00:00\" \/>\n\t\t<meta name=\"twitter:card\" content=\"summary_large_image\" \/>\n\t\t<meta name=\"twitter:title\" content=\"Dezynfekcja w salonie: domowy p\u0142yn do dezynfekcji r\u0105k nie wystarczy. Co musisz mie\u0107 w 2026 - The Altegio Times\" \/>\n\t\t<meta name=\"twitter:description\" content=\"Dlaczego domowy p\u0142yn do dezynfekcji nie ochroni ani klientek, ani ciebie przy kontroli: jak wybra\u0107 preparat z pozwoleniem, jakie procedury spisa\u0107 i ile naprawd\u0119 kosztuje higiena salonu miesi\u0119cznie\" \/>\n\t\t<script type=\"application\/ld+json\" class=\"aioseo-schema\">\n\t\t\t{\"@context\":\"https:\\\/\\\/schema.org\",\"@graph\":[{\"@type\":\"BlogPosting\",\"@id\":\"https:\\\/\\\/alteg.io\\\/pl\\\/blog\\\/dezynfekcja-w-salonie\\\/#blogposting\",\"name\":\"Dezynfekcja w salonie: domowy p\\u0142yn do dezynfekcji r\\u0105k nie wystarczy. Co musisz mie\\u0107 w 2026 - The Altegio Times\",\"headline\":\"Dezynfekcja w salonie: domowy p\\u0142yn do dezynfekcji r\\u0105k nie wystarczy. Co musisz mie\\u0107 w 2026\",\"author\":{\"@id\":\"https:\\\/\\\/alteg.io\\\/pl\\\/blog\\\/author\\\/yana-balteg-io\\\/#author\"},\"publisher\":{\"@id\":\"https:\\\/\\\/alteg.io\\\/pl\\\/#organization\"},\"image\":{\"@type\":\"ImageObject\",\"url\":\"https:\\\/\\\/alteg.io\\\/blog\\\/wp-content\\\/uploads\\\/2026\\\/08\\\/dezynfekcja-cover-b3.avif\",\"width\":1344,\"height\":768,\"caption\":\"Stylistka w r\\u0119kawiczkach przeciera blat stanowiska przy lustrze przed otwarciem salonu\"},\"datePublished\":\"2026-08-31T09:15:39+00:00\",\"dateModified\":\"2026-08-31T09:41:06+00:00\",\"inLanguage\":\"pl-PL\",\"mainEntityOfPage\":{\"@id\":\"https:\\\/\\\/alteg.io\\\/pl\\\/blog\\\/dezynfekcja-w-salonie\\\/#webpage\"},\"isPartOf\":{\"@id\":\"https:\\\/\\\/alteg.io\\\/pl\\\/blog\\\/dezynfekcja-w-salonie\\\/#webpage\"},\"articleSection\":\"Prawo, Opcjonalne\"},{\"@type\":\"BreadcrumbList\",\"@id\":\"https:\\\/\\\/alteg.io\\\/pl\\\/blog\\\/dezynfekcja-w-salonie\\\/#breadcrumblist\",\"itemListElement\":[{\"@type\":\"ListItem\",\"@id\":\"https:\\\/\\\/alteg.io\\\/pl\\\/#listItem\",\"position\":1,\"name\":\"Home\",\"item\":\"https:\\\/\\\/alteg.io\\\/pl\\\/\",\"nextItem\":{\"@type\":\"ListItem\",\"@id\":\"https:\\\/\\\/alteg.io\\\/pl\\\/blog\\\/category\\\/prawo\\\/#listItem\",\"name\":\"Prawo\"}},{\"@type\":\"ListItem\",\"@id\":\"https:\\\/\\\/alteg.io\\\/pl\\\/blog\\\/category\\\/prawo\\\/#listItem\",\"position\":2,\"name\":\"Prawo\",\"item\":\"https:\\\/\\\/alteg.io\\\/pl\\\/blog\\\/category\\\/prawo\\\/\",\"nextItem\":{\"@type\":\"ListItem\",\"@id\":\"https:\\\/\\\/alteg.io\\\/pl\\\/blog\\\/dezynfekcja-w-salonie\\\/#listItem\",\"name\":\"Dezynfekcja w salonie: domowy p\\u0142yn do dezynfekcji r\\u0105k nie wystarczy. Co musisz mie\\u0107 w 2026\"},\"previousItem\":{\"@type\":\"ListItem\",\"@id\":\"https:\\\/\\\/alteg.io\\\/pl\\\/#listItem\",\"name\":\"Home\"}},{\"@type\":\"ListItem\",\"@id\":\"https:\\\/\\\/alteg.io\\\/pl\\\/blog\\\/dezynfekcja-w-salonie\\\/#listItem\",\"position\":3,\"name\":\"Dezynfekcja w salonie: domowy p\\u0142yn do dezynfekcji r\\u0105k nie wystarczy. Co musisz mie\\u0107 w 2026\",\"previousItem\":{\"@type\":\"ListItem\",\"@id\":\"https:\\\/\\\/alteg.io\\\/pl\\\/blog\\\/category\\\/prawo\\\/#listItem\",\"name\":\"Prawo\"}}]},{\"@type\":\"Organization\",\"@id\":\"https:\\\/\\\/alteg.io\\\/pl\\\/#organization\",\"name\":\"The Altegio Times\",\"description\":\"Online Booking and Business Management Media\",\"url\":\"https:\\\/\\\/alteg.io\\\/pl\\\/\"},{\"@type\":\"Person\",\"@id\":\"https:\\\/\\\/alteg.io\\\/pl\\\/blog\\\/author\\\/yana-balteg-io\\\/#author\",\"url\":\"https:\\\/\\\/alteg.io\\\/pl\\\/blog\\\/author\\\/yana-balteg-io\\\/\",\"name\":\"Jana\",\"image\":{\"@type\":\"ImageObject\",\"@id\":\"https:\\\/\\\/alteg.io\\\/pl\\\/blog\\\/dezynfekcja-w-salonie\\\/#authorImage\",\"url\":\"https:\\\/\\\/secure.gravatar.com\\\/avatar\\\/d3a38ee41a7f8cfff1a39ed1adff91f4c8bd70360a2de9396ba55e4fcada8c2b?s=96&d=initials&r=g&initials=Ja\",\"width\":96,\"height\":96,\"caption\":\"Jana\"}},{\"@type\":\"WebPage\",\"@id\":\"https:\\\/\\\/alteg.io\\\/pl\\\/blog\\\/dezynfekcja-w-salonie\\\/#webpage\",\"url\":\"https:\\\/\\\/alteg.io\\\/pl\\\/blog\\\/dezynfekcja-w-salonie\\\/\",\"name\":\"Dezynfekcja w salonie: domowy p\\u0142yn do dezynfekcji r\\u0105k nie wystarczy. Co musisz mie\\u0107 w 2026 - The Altegio Times\",\"description\":\"Dlaczego domowy p\\u0142yn do dezynfekcji nie ochroni ani klientek, ani ciebie przy kontroli: jak wybra\\u0107 preparat z pozwoleniem, jakie procedury spisa\\u0107 i ile naprawd\\u0119 kosztuje higiena salonu miesi\\u0119cznie\",\"inLanguage\":\"pl-PL\",\"isPartOf\":{\"@id\":\"https:\\\/\\\/alteg.io\\\/pl\\\/#website\"},\"breadcrumb\":{\"@id\":\"https:\\\/\\\/alteg.io\\\/pl\\\/blog\\\/dezynfekcja-w-salonie\\\/#breadcrumblist\"},\"author\":{\"@id\":\"https:\\\/\\\/alteg.io\\\/pl\\\/blog\\\/author\\\/yana-balteg-io\\\/#author\"},\"creator\":{\"@id\":\"https:\\\/\\\/alteg.io\\\/pl\\\/blog\\\/author\\\/yana-balteg-io\\\/#author\"},\"image\":{\"@type\":\"ImageObject\",\"url\":\"https:\\\/\\\/alteg.io\\\/blog\\\/wp-content\\\/uploads\\\/2026\\\/08\\\/dezynfekcja-cover-b3.avif\",\"@id\":\"https:\\\/\\\/alteg.io\\\/pl\\\/blog\\\/dezynfekcja-w-salonie\\\/#mainImage\",\"width\":1344,\"height\":768,\"caption\":\"Stylistka w r\\u0119kawiczkach przeciera blat stanowiska przy lustrze przed otwarciem salonu\"},\"primaryImageOfPage\":{\"@id\":\"https:\\\/\\\/alteg.io\\\/pl\\\/blog\\\/dezynfekcja-w-salonie\\\/#mainImage\"},\"datePublished\":\"2026-08-31T09:15:39+00:00\",\"dateModified\":\"2026-08-31T09:41:06+00:00\"},{\"@type\":\"WebSite\",\"@id\":\"https:\\\/\\\/alteg.io\\\/pl\\\/#website\",\"url\":\"https:\\\/\\\/alteg.io\\\/pl\\\/\",\"name\":\"The Altegio Times\",\"description\":\"Online Booking and Business Management Media\",\"inLanguage\":\"pl-PL\",\"publisher\":{\"@id\":\"https:\\\/\\\/alteg.io\\\/pl\\\/#organization\"}}]}\n\t\t<\/script>\n\t\t<!-- All in One SEO Pro -->\r\n\t\t<title>Dezynfekcja w salonie: domowy p\u0142yn do dezynfekcji r\u0105k nie wystarczy. Co musisz mie\u0107 w 2026 - The Altegio Times<\/title>\n\n","aioseo_head_json":{"title":"Dezynfekcja w salonie: domowy p\u0142yn do dezynfekcji r\u0105k nie wystarczy. Co musisz mie\u0107 w 2026 - The Altegio Times","description":"Dlaczego domowy p\u0142yn do dezynfekcji nie ochroni ani klientek, ani ciebie przy kontroli: jak wybra\u0107 preparat z pozwoleniem, jakie procedury spisa\u0107 i ile naprawd\u0119 kosztuje higiena salonu miesi\u0119cznie","canonical_url":"https:\/\/alteg.io\/pl\/blog\/dezynfekcja-w-salonie\/","robots":"max-image-preview:large","keywords":"","webmasterTools":{"miscellaneous":""},"schema":{"@context":"https:\/\/schema.org","@graph":[{"@type":"BlogPosting","@id":"https:\/\/alteg.io\/pl\/blog\/dezynfekcja-w-salonie\/#blogposting","name":"Dezynfekcja w salonie: domowy p\u0142yn do dezynfekcji r\u0105k nie wystarczy. Co musisz mie\u0107 w 2026 - The Altegio Times","headline":"Dezynfekcja w salonie: domowy p\u0142yn do dezynfekcji r\u0105k nie wystarczy. Co musisz mie\u0107 w 2026","author":{"@id":"https:\/\/alteg.io\/pl\/blog\/author\/yana-balteg-io\/#author"},"publisher":{"@id":"https:\/\/alteg.io\/pl\/#organization"},"image":{"@type":"ImageObject","url":"https:\/\/alteg.io\/blog\/wp-content\/uploads\/2026\/08\/dezynfekcja-cover-b3.avif","width":1344,"height":768,"caption":"Stylistka w r\u0119kawiczkach przeciera blat stanowiska przy lustrze przed otwarciem salonu"},"datePublished":"2026-08-31T09:15:39+00:00","dateModified":"2026-08-31T09:41:06+00:00","inLanguage":"pl-PL","mainEntityOfPage":{"@id":"https:\/\/alteg.io\/pl\/blog\/dezynfekcja-w-salonie\/#webpage"},"isPartOf":{"@id":"https:\/\/alteg.io\/pl\/blog\/dezynfekcja-w-salonie\/#webpage"},"articleSection":"Prawo, Opcjonalne"},{"@type":"BreadcrumbList","@id":"https:\/\/alteg.io\/pl\/blog\/dezynfekcja-w-salonie\/#breadcrumblist","itemListElement":[{"@type":"ListItem","@id":"https:\/\/alteg.io\/pl\/#listItem","position":1,"name":"Home","item":"https:\/\/alteg.io\/pl\/","nextItem":{"@type":"ListItem","@id":"https:\/\/alteg.io\/pl\/blog\/category\/prawo\/#listItem","name":"Prawo"}},{"@type":"ListItem","@id":"https:\/\/alteg.io\/pl\/blog\/category\/prawo\/#listItem","position":2,"name":"Prawo","item":"https:\/\/alteg.io\/pl\/blog\/category\/prawo\/","nextItem":{"@type":"ListItem","@id":"https:\/\/alteg.io\/pl\/blog\/dezynfekcja-w-salonie\/#listItem","name":"Dezynfekcja w salonie: domowy p\u0142yn do dezynfekcji r\u0105k nie wystarczy. Co musisz mie\u0107 w 2026"},"previousItem":{"@type":"ListItem","@id":"https:\/\/alteg.io\/pl\/#listItem","name":"Home"}},{"@type":"ListItem","@id":"https:\/\/alteg.io\/pl\/blog\/dezynfekcja-w-salonie\/#listItem","position":3,"name":"Dezynfekcja w salonie: domowy p\u0142yn do dezynfekcji r\u0105k nie wystarczy. Co musisz mie\u0107 w 2026","previousItem":{"@type":"ListItem","@id":"https:\/\/alteg.io\/pl\/blog\/category\/prawo\/#listItem","name":"Prawo"}}]},{"@type":"Organization","@id":"https:\/\/alteg.io\/pl\/#organization","name":"The Altegio Times","description":"Online Booking and Business Management Media","url":"https:\/\/alteg.io\/pl\/"},{"@type":"Person","@id":"https:\/\/alteg.io\/pl\/blog\/author\/yana-balteg-io\/#author","url":"https:\/\/alteg.io\/pl\/blog\/author\/yana-balteg-io\/","name":"Jana","image":{"@type":"ImageObject","@id":"https:\/\/alteg.io\/pl\/blog\/dezynfekcja-w-salonie\/#authorImage","url":"https:\/\/secure.gravatar.com\/avatar\/d3a38ee41a7f8cfff1a39ed1adff91f4c8bd70360a2de9396ba55e4fcada8c2b?s=96&d=initials&r=g&initials=Ja","width":96,"height":96,"caption":"Jana"}},{"@type":"WebPage","@id":"https:\/\/alteg.io\/pl\/blog\/dezynfekcja-w-salonie\/#webpage","url":"https:\/\/alteg.io\/pl\/blog\/dezynfekcja-w-salonie\/","name":"Dezynfekcja w salonie: domowy p\u0142yn do dezynfekcji r\u0105k nie wystarczy. Co musisz mie\u0107 w 2026 - The Altegio Times","description":"Dlaczego domowy p\u0142yn do dezynfekcji nie ochroni ani klientek, ani ciebie przy kontroli: jak wybra\u0107 preparat z pozwoleniem, jakie procedury spisa\u0107 i ile naprawd\u0119 kosztuje higiena salonu miesi\u0119cznie","inLanguage":"pl-PL","isPartOf":{"@id":"https:\/\/alteg.io\/pl\/#website"},"breadcrumb":{"@id":"https:\/\/alteg.io\/pl\/blog\/dezynfekcja-w-salonie\/#breadcrumblist"},"author":{"@id":"https:\/\/alteg.io\/pl\/blog\/author\/yana-balteg-io\/#author"},"creator":{"@id":"https:\/\/alteg.io\/pl\/blog\/author\/yana-balteg-io\/#author"},"image":{"@type":"ImageObject","url":"https:\/\/alteg.io\/blog\/wp-content\/uploads\/2026\/08\/dezynfekcja-cover-b3.avif","@id":"https:\/\/alteg.io\/pl\/blog\/dezynfekcja-w-salonie\/#mainImage","width":1344,"height":768,"caption":"Stylistka w r\u0119kawiczkach przeciera blat stanowiska przy lustrze przed otwarciem salonu"},"primaryImageOfPage":{"@id":"https:\/\/alteg.io\/pl\/blog\/dezynfekcja-w-salonie\/#mainImage"},"datePublished":"2026-08-31T09:15:39+00:00","dateModified":"2026-08-31T09:41:06+00:00"},{"@type":"WebSite","@id":"https:\/\/alteg.io\/pl\/#website","url":"https:\/\/alteg.io\/pl\/","name":"The Altegio Times","description":"Online Booking and Business Management Media","inLanguage":"pl-PL","publisher":{"@id":"https:\/\/alteg.io\/pl\/#organization"}}]},"og:locale":"pl_PL","og:site_name":"The Altegio Times - Online Booking and Business Management Media","og:type":"article","og:title":"Dezynfekcja w salonie: domowy p\u0142yn do dezynfekcji r\u0105k nie wystarczy. Co musisz mie\u0107 w 2026 - The Altegio Times","og:description":"Dlaczego domowy p\u0142yn do dezynfekcji nie ochroni ani klientek, ani ciebie przy kontroli: jak wybra\u0107 preparat z pozwoleniem, jakie procedury spisa\u0107 i ile naprawd\u0119 kosztuje higiena salonu miesi\u0119cznie","og:url":"https:\/\/alteg.io\/pl\/blog\/dezynfekcja-w-salonie\/","article:published_time":"2026-08-31T09:15:39+00:00","article:modified_time":"2026-08-31T09:41:06+00:00","twitter:card":"summary_large_image","twitter:title":"Dezynfekcja w salonie: domowy p\u0142yn do dezynfekcji r\u0105k nie wystarczy. Co musisz mie\u0107 w 2026 - The Altegio Times","twitter:description":"Dlaczego domowy p\u0142yn do dezynfekcji nie ochroni ani klientek, ani ciebie przy kontroli: jak wybra\u0107 preparat z pozwoleniem, jakie procedury spisa\u0107 i ile naprawd\u0119 kosztuje higiena salonu miesi\u0119cznie"},"aioseo_meta_data":{"post_id":"26913","title":null,"description":null,"keywords":null,"keyphrases":null,"canonical_url":null,"og_title":null,"og_description":null,"og_object_type":"default","og_image_type":"default","og_image_custom_url":null,"og_image_custom_fields":null,"og_custom_image_width":null,"og_custom_image_height":null,"og_video":null,"og_custom_url":null,"og_article_section":null,"og_article_tags":null,"twitter_use_og":true,"twitter_card":"default","twitter_image_type":"default","twitter_image_custom_url":null,"twitter_image_custom_fields":null,"twitter_title":null,"twitter_description":null,"schema_type":"default","schema_type_options":null,"pillar_content":false,"robots_default":true,"robots_noindex":false,"robots_noarchive":false,"robots_nosnippet":false,"robots_nofollow":false,"robots_noimageindex":false,"robots_noodp":false,"robots_notranslate":false,"robots_max_snippet":null,"robots_max_videopreview":null,"robots_max_imagepreview":"large","tabs":null,"priority":null,"frequency":null,"local_seo":null,"created":"2026-08-31 09:15:39","updated":"2026-08-31 09:45:34","seo_analyzer_scan_date":"2026-08-31 09:45:34","primary_term":null,"og_image_url":null,"og_image_width":null,"og_image_height":null,"twitter_image_url":null,"schema":{"blockGraphs":[],"customGraphs":[],"default":{"data":{"Article":[],"Course":[],"Dataset":[],"FAQPage":[],"Movie":[],"Person":[],"Product":[],"ProductReview":[],"Car":[],"Recipe":[],"Service":[],"SoftwareApplication":[],"WebPage":[]},"graphName":"","isEnabled":true},"graphs":[]},"limit_modified_date":false,"ai":null,"breadcrumb_settings":null},"aioseo_breadcrumb":"<div class=\"aioseo-breadcrumbs\"><span class=\"aioseo-breadcrumb\">\n\t<a href=\"https:\/\/alteg.io\/pl\/\" title=\"Home\">Home<\/a>\n<\/span><span class=\"aioseo-breadcrumb-separator\">\u203a<\/span><span class=\"aioseo-breadcrumb\">\n\t<a href=\"https:\/\/alteg.io\/pl\/blog\/category\/prawo\/\" title=\"Prawo\">Prawo<\/a>\n<\/span><span class=\"aioseo-breadcrumb-separator\">\u203a<\/span><span class=\"aioseo-breadcrumb\">\n\tDezynfekcja w salonie: domowy p\u0142yn do dezynfekcji r\u0105k nie wystarczy. Co musisz mie\u0107 w 2026\n<\/span><\/div>","aioseo_breadcrumb_json":[{"label":"Home","link":"https:\/\/alteg.io\/pl\/"},{"label":"Prawo","link":"https:\/\/alteg.io\/pl\/blog\/category\/prawo\/"},{"label":"Dezynfekcja w salonie: domowy p\u0142yn do dezynfekcji r\u0105k nie wystarczy. Co musisz mie\u0107 w 2026","link":"https:\/\/alteg.io\/pl\/blog\/dezynfekcja-w-salonie\/"}],"_links":{"self":[{"href":"https:\/\/alteg.io\/pl\/blog\/wp-json\/wp\/v2\/posts\/26913","targetHints":{"allow":["GET"]}}],"collection":[{"href":"https:\/\/alteg.io\/pl\/blog\/wp-json\/wp\/v2\/posts"}],"about":[{"href":"https:\/\/alteg.io\/pl\/blog\/wp-json\/wp\/v2\/types\/post"}],"author":[{"embeddable":true,"href":"https:\/\/alteg.io\/pl\/blog\/wp-json\/wp\/v2\/users\/25"}],"replies":[{"embeddable":true,"href":"https:\/\/alteg.io\/pl\/blog\/wp-json\/wp\/v2\/comments?post=26913"}],"version-history":[{"count":1,"href":"https:\/\/alteg.io\/pl\/blog\/wp-json\/wp\/v2\/posts\/26913\/revisions"}],"predecessor-version":[{"id":26943,"href":"https:\/\/alteg.io\/pl\/blog\/wp-json\/wp\/v2\/posts\/26913\/revisions\/26943"}],"wp:featuredmedia":[{"embeddable":true,"href":"https:\/\/alteg.io\/pl\/blog\/wp-json\/wp\/v2\/media\/26892"}],"wp:attachment":[{"href":"https:\/\/alteg.io\/pl\/blog\/wp-json\/wp\/v2\/media?parent=26913"}],"wp:term":[{"taxonomy":"category","embeddable":true,"href":"https:\/\/alteg.io\/pl\/blog\/wp-json\/wp\/v2\/categories?post=26913"},{"taxonomy":"post_tag","embeddable":true,"href":"https:\/\/alteg.io\/pl\/blog\/wp-json\/wp\/v2\/tags?post=26913"}],"curies":[{"name":"wp","href":"https:\/\/api.w.org\/{rel}","templated":true}]}}